{"id":127,"date":"2018-06-04T12:00:56","date_gmt":"2018-06-04T10:00:56","guid":{"rendered":"http:\/\/zubix.com.pl\/wordpress\/?p=127"},"modified":"2021-11-02T13:37:01","modified_gmt":"2021-11-02T12:37:01","slug":"kadry-i-place-wersja-3-10","status":"publish","type":"post","link":"https:\/\/zubix.com.pl\/wordpress\/kadry-i-place-wersja-3-10\/","title":{"rendered":"KADRY i P\u0141ACE wersja 3.10"},"content":{"rendered":"<div id=\"zawartosc2\">Nowa wersja programu <a href=\"https:\/\/zubix.com.pl\/wordpress\/index.php\/produkty\/k-p\/\">KADRY i P\u0141ACE<\/a> 3.10<br \/>\n&#8211; Wprowadzono dziennik zmian danych, gdzie zapisywane s\u0105 informacje kto, kiedy i w jakim zakresie zmieni\u0142, doda\u0142 lub usun\u0105\u0142 dane pracownik\u00f3w. Dziennik dost\u0119pny jest do podgl\u0105du, bez mo\u017cliwo\u015bci modyfikacji.<br \/>\n&#8211; Nowe zestawienie &#8222;Raport ODO&#8221; prezentuje informacje dot. ochrony danych osobowych oraz wykaz zapis\u00f3w z dziennika zmian dla wybranego pracownika.<br \/>\n&#8211; Do raport\u00f3w w\u0142asnych dodano pola z informacj\u0105 o stanie wykorzystania urlopu wypoczynkowego proporcjonalnie do miesi\u0105ca roku (rezerwa urlopowa).<br \/>\n&#8211; Pola urlop nale\u017cny proporcjonalny i urlop pozosta\u0142y proporcjonalny dost\u0119pne s\u0105 z w zak\u0142adce Czas pracy.<br \/>\n&#8211; Nowe funkcje ksi\u0119gowania wyp\u0142at: Obs\u0142uga wzorc\u00f3w kont kosztowych. Mo\u017cliwo\u015b\u0107 pobierania kwot sk\u0142adek na poszczeg\u00f3lne fundusze wg rozdzielnika kosztowego.<br \/>\n&#8211; Mo\u017cliwo\u015b\u0107 zapisu ksi\u0119gowania wyp\u0142at w formacie obs\u0142ugiwanym w systemie Sage Symfonia Finanse i Ksi\u0119gowo\u015b\u0107.<br \/>\n&#8211; Mo\u017cliwo\u015b\u0107 grupowego zapisu deklaracji PIT oraz po\u015bwiadcze\u0144 UPO do plik\u00f3w PDF (z nazwiskiem w nazwie) do cel\u00f3w archiwizacji dokumentacji w postaci elektronicznej.<br \/>\n&#8211; Mo\u017cliwo\u015b\u0107 przygotowania wst\u0119pnego za\u015bwiadczenia ZUS Z-3 jako formularz interaktywny PDF lub przeznaczonego do importu na platformie PUE ZUS (tylko dane osobowe i zatrudnienia).<br \/>\n&#8211; Zestawienie okres\u00f3w nieobecno\u015bci z wykazem liczby dni roboczych i sum\u0105 dni na pracownika oraz og\u00f3\u0142em. Mo\u017cliwo\u015b\u0107 wydruku tylko podsumowania.<br \/>\n&#8211; Mo\u017cliwo\u015b\u0107 definiowania w\u0142asnych rodzaj\u00f3w nieobecno\u015bci urlopowych i zwolnie\u0144 zasi\u0142kowych wraz z symbolem u\u017cywanym w algorytmach wyp\u0142at.<br \/>\n&#8211; Pola danych: &#8222;Dzia\u0142&#8221; oraz &#8222;Szczeg\u00f3lne warunki pracy&#8221; mo\u017cliwe przypisania do formularza umowy i wykazywane w zestawieniu okres\u00f3w zatrudnienia pracownika.<br \/>\n&#8211; Mo\u017cliwo\u015b\u0107 zapisu przelew\u00f3w elektronicznych z wyp\u0142at w formacie obs\u0142ugiwanym w serwisie Deutsche Bank.<br \/>\n&#8211; Mo\u017cliwo\u015b\u0107 dodania grupy pracownik\u00f3w i wykorzystania selekcji w funkcji eksportu dokument\u00f3w do programu P\u0142atnik.<\/div>\n","protected":false},"excerpt":{"rendered":"<p>Nowa wersja programu KADRY i P\u0141ACE 3.10 &#8211; Wprowadzono dziennik zmian danych, gdzie zapisywane s\u0105 informacje kto, kiedy i w jakim zakresie zmieni\u0142, doda\u0142 lub usun\u0105\u0142 dane pracownik\u00f3w. Dziennik dost\u0119pny jest do podgl\u0105du, bez mo\u017cliwo\u015bci modyfikacji. &#8211; Nowe zestawienie &#8222;Raport ODO&#8221; prezentuje informacje dot. ochrony danych osobowych oraz wykaz zapis\u00f3w z dziennika zmian dla wybranego [&hellip;]<\/p>\n","protected":false},"author":1,"featured_media":0,"comment_status":"closed","ping_status":"closed","sticky":false,"template":"","format":"standard","meta":[],"categories":[5],"tags":[],"yoast_head":"<!-- This site is optimized with the Yoast SEO plugin v21.0 - https:\/\/yoast.com\/wordpress\/plugins\/seo\/ -->\n<title>KADRY i P\u0141ACE wersja 3.10 - PT-I ZUBIX<\/title>\n<meta name=\"robots\" content=\"index, follow, max-snippet:-1, max-image-preview:large, max-video-preview:-1\" \/>\n<link rel=\"canonical\" href=\"https:\/\/zubix.com.pl\/wordpress\/kadry-i-place-wersja-3-10\/\" \/>\n<meta property=\"og:locale\" content=\"pl_PL\" \/>\n<meta property=\"og:type\" content=\"article\" \/>\n<meta property=\"og:title\" content=\"KADRY i P\u0141ACE wersja 3.10 - PT-I ZUBIX\" \/>\n<meta property=\"og:description\" content=\"Nowa wersja programu KADRY i P\u0141ACE 3.10 &#8211; Wprowadzono dziennik zmian danych, gdzie zapisywane s\u0105 informacje kto, kiedy i w jakim zakresie zmieni\u0142, doda\u0142 lub usun\u0105\u0142 dane pracownik\u00f3w. Dziennik dost\u0119pny jest do podgl\u0105du, bez mo\u017cliwo\u015bci modyfikacji. &#8211; Nowe zestawienie &#8222;Raport ODO&#8221; prezentuje informacje dot. ochrony danych osobowych oraz wykaz zapis\u00f3w z dziennika zmian dla wybranego [&hellip;]\" \/>\n<meta property=\"og:url\" content=\"https:\/\/zubix.com.pl\/wordpress\/kadry-i-place-wersja-3-10\/\" \/>\n<meta property=\"og:site_name\" content=\"PT-I ZUBIX\" \/>\n<meta property=\"article:published_time\" content=\"2018-06-04T10:00:56+00:00\" \/>\n<meta property=\"article:modified_time\" content=\"2021-11-02T12:37:01+00:00\" \/>\n<meta name=\"author\" content=\"admin\" \/>\n<meta name=\"twitter:card\" content=\"summary_large_image\" \/>\n<meta name=\"twitter:label1\" content=\"Napisane przez\" \/>\n\t<meta name=\"twitter:data1\" content=\"admin\" \/>\n\t<meta name=\"twitter:label2\" content=\"Szacowany czas czytania\" \/>\n\t<meta name=\"twitter:data2\" content=\"2 minuty\" \/>\n<script type=\"application\/ld+json\" class=\"yoast-schema-graph\">{\"@context\":\"https:\/\/schema.org\",\"@graph\":[{\"@type\":\"Article\",\"@id\":\"https:\/\/zubix.com.pl\/wordpress\/kadry-i-place-wersja-3-10\/#article\",\"isPartOf\":{\"@id\":\"https:\/\/zubix.com.pl\/wordpress\/kadry-i-place-wersja-3-10\/\"},\"author\":{\"name\":\"admin\",\"@id\":\"https:\/\/zubix.com.pl\/wordpress\/#\/schema\/person\/6864699d1adae8e4813084ca46059361\"},\"headline\":\"KADRY i P\u0141ACE wersja 3.10\",\"datePublished\":\"2018-06-04T10:00:56+00:00\",\"dateModified\":\"2021-11-02T12:37:01+00:00\",\"mainEntityOfPage\":{\"@id\":\"https:\/\/zubix.com.pl\/wordpress\/kadry-i-place-wersja-3-10\/\"},\"wordCount\":317,\"publisher\":{\"@id\":\"https:\/\/zubix.com.pl\/wordpress\/#organization\"},\"articleSection\":[\"Kadry i P\u0142ace\"],\"inLanguage\":\"pl-PL\"},{\"@type\":\"WebPage\",\"@id\":\"https:\/\/zubix.com.pl\/wordpress\/kadry-i-place-wersja-3-10\/\",\"url\":\"https:\/\/zubix.com.pl\/wordpress\/kadry-i-place-wersja-3-10\/\",\"name\":\"KADRY i P\u0141ACE wersja 3.10 - PT-I ZUBIX\",\"isPartOf\":{\"@id\":\"https:\/\/zubix.com.pl\/wordpress\/#website\"},\"datePublished\":\"2018-06-04T10:00:56+00:00\",\"dateModified\":\"2021-11-02T12:37:01+00:00\",\"breadcrumb\":{\"@id\":\"https:\/\/zubix.com.pl\/wordpress\/kadry-i-place-wersja-3-10\/#breadcrumb\"},\"inLanguage\":\"pl-PL\",\"potentialAction\":[{\"@type\":\"ReadAction\",\"target\":[\"https:\/\/zubix.com.pl\/wordpress\/kadry-i-place-wersja-3-10\/\"]}]},{\"@type\":\"BreadcrumbList\",\"@id\":\"https:\/\/zubix.com.pl\/wordpress\/kadry-i-place-wersja-3-10\/#breadcrumb\",\"itemListElement\":[{\"@type\":\"ListItem\",\"position\":1,\"name\":\"Strona g\u0142\u00f3wna\",\"item\":\"https:\/\/zubix.com.pl\/wordpress\/\"},{\"@type\":\"ListItem\",\"position\":2,\"name\":\"KADRY i P\u0141ACE wersja 3.10\"}]},{\"@type\":\"WebSite\",\"@id\":\"https:\/\/zubix.com.pl\/wordpress\/#website\",\"url\":\"https:\/\/zubix.com.pl\/wordpress\/\",\"name\":\"PT-I ZUBIX\",\"description\":\"Programy dla Twojej firmy\",\"publisher\":{\"@id\":\"https:\/\/zubix.com.pl\/wordpress\/#organization\"},\"potentialAction\":[{\"@type\":\"SearchAction\",\"target\":{\"@type\":\"EntryPoint\",\"urlTemplate\":\"https:\/\/zubix.com.pl\/wordpress\/?s={search_term_string}\"},\"query-input\":\"required name=search_term_string\"}],\"inLanguage\":\"pl-PL\"},{\"@type\":\"Organization\",\"@id\":\"https:\/\/zubix.com.pl\/wordpress\/#organization\",\"name\":\"PTI ZUBIX\",\"url\":\"https:\/\/zubix.com.pl\/wordpress\/\",\"logo\":{\"@type\":\"ImageObject\",\"inLanguage\":\"pl-PL\",\"@id\":\"https:\/\/zubix.com.pl\/wordpress\/#\/schema\/logo\/image\/\",\"url\":\"http:\/\/zubix.com.pl\/wordpress\/wp-content\/uploads\/2019\/06\/zubix_header.png\",\"contentUrl\":\"http:\/\/zubix.com.pl\/wordpress\/wp-content\/uploads\/2019\/06\/zubix_header.png\",\"width\":480,\"height\":157,\"caption\":\"PTI ZUBIX\"},\"image\":{\"@id\":\"https:\/\/zubix.com.pl\/wordpress\/#\/schema\/logo\/image\/\"}},{\"@type\":\"Person\",\"@id\":\"https:\/\/zubix.com.pl\/wordpress\/#\/schema\/person\/6864699d1adae8e4813084ca46059361\",\"name\":\"admin\"}]}<\/script>\n<!-- \/ Yoast SEO plugin. -->","yoast_head_json":{"title":"KADRY i P\u0141ACE wersja 3.10 - PT-I ZUBIX","robots":{"index":"index","follow":"follow","max-snippet":"max-snippet:-1","max-image-preview":"max-image-preview:large","max-video-preview":"max-video-preview:-1"},"canonical":"https:\/\/zubix.com.pl\/wordpress\/kadry-i-place-wersja-3-10\/","og_locale":"pl_PL","og_type":"article","og_title":"KADRY i P\u0141ACE wersja 3.10 - PT-I ZUBIX","og_description":"Nowa wersja programu KADRY i P\u0141ACE 3.10 &#8211; Wprowadzono dziennik zmian danych, gdzie zapisywane s\u0105 informacje kto, kiedy i w jakim zakresie zmieni\u0142, doda\u0142 lub usun\u0105\u0142 dane pracownik\u00f3w. Dziennik dost\u0119pny jest do podgl\u0105du, bez mo\u017cliwo\u015bci modyfikacji. &#8211; Nowe zestawienie &#8222;Raport ODO&#8221; prezentuje informacje dot. ochrony danych osobowych oraz wykaz zapis\u00f3w z dziennika zmian dla wybranego [&hellip;]","og_url":"https:\/\/zubix.com.pl\/wordpress\/kadry-i-place-wersja-3-10\/","og_site_name":"PT-I ZUBIX","article_published_time":"2018-06-04T10:00:56+00:00","article_modified_time":"2021-11-02T12:37:01+00:00","author":"admin","twitter_card":"summary_large_image","twitter_misc":{"Napisane przez":"admin","Szacowany czas czytania":"2 minuty"},"schema":{"@context":"https:\/\/schema.org","@graph":[{"@type":"Article","@id":"https:\/\/zubix.com.pl\/wordpress\/kadry-i-place-wersja-3-10\/#article","isPartOf":{"@id":"https:\/\/zubix.com.pl\/wordpress\/kadry-i-place-wersja-3-10\/"},"author":{"name":"admin","@id":"https:\/\/zubix.com.pl\/wordpress\/#\/schema\/person\/6864699d1adae8e4813084ca46059361"},"headline":"KADRY i P\u0141ACE wersja 3.10","datePublished":"2018-06-04T10:00:56+00:00","dateModified":"2021-11-02T12:37:01+00:00","mainEntityOfPage":{"@id":"https:\/\/zubix.com.pl\/wordpress\/kadry-i-place-wersja-3-10\/"},"wordCount":317,"publisher":{"@id":"https:\/\/zubix.com.pl\/wordpress\/#organization"},"articleSection":["Kadry i P\u0142ace"],"inLanguage":"pl-PL"},{"@type":"WebPage","@id":"https:\/\/zubix.com.pl\/wordpress\/kadry-i-place-wersja-3-10\/","url":"https:\/\/zubix.com.pl\/wordpress\/kadry-i-place-wersja-3-10\/","name":"KADRY i P\u0141ACE wersja 3.10 - PT-I ZUBIX","isPartOf":{"@id":"https:\/\/zubix.com.pl\/wordpress\/#website"},"datePublished":"2018-06-04T10:00:56+00:00","dateModified":"2021-11-02T12:37:01+00:00","breadcrumb":{"@id":"https:\/\/zubix.com.pl\/wordpress\/kadry-i-place-wersja-3-10\/#breadcrumb"},"inLanguage":"pl-PL","potentialAction":[{"@type":"ReadAction","target":["https:\/\/zubix.com.pl\/wordpress\/kadry-i-place-wersja-3-10\/"]}]},{"@type":"BreadcrumbList","@id":"https:\/\/zubix.com.pl\/wordpress\/kadry-i-place-wersja-3-10\/#breadcrumb","itemListElement":[{"@type":"ListItem","position":1,"name":"Strona g\u0142\u00f3wna","item":"https:\/\/zubix.com.pl\/wordpress\/"},{"@type":"ListItem","position":2,"name":"KADRY i P\u0141ACE wersja 3.10"}]},{"@type":"WebSite","@id":"https:\/\/zubix.com.pl\/wordpress\/#website","url":"https:\/\/zubix.com.pl\/wordpress\/","name":"PT-I ZUBIX","description":"Programy dla Twojej firmy","publisher":{"@id":"https:\/\/zubix.com.pl\/wordpress\/#organization"},"potentialAction":[{"@type":"SearchAction","target":{"@type":"EntryPoint","urlTemplate":"https:\/\/zubix.com.pl\/wordpress\/?s={search_term_string}"},"query-input":"required name=search_term_string"}],"inLanguage":"pl-PL"},{"@type":"Organization","@id":"https:\/\/zubix.com.pl\/wordpress\/#organization","name":"PTI ZUBIX","url":"https:\/\/zubix.com.pl\/wordpress\/","logo":{"@type":"ImageObject","inLanguage":"pl-PL","@id":"https:\/\/zubix.com.pl\/wordpress\/#\/schema\/logo\/image\/","url":"http:\/\/zubix.com.pl\/wordpress\/wp-content\/uploads\/2019\/06\/zubix_header.png","contentUrl":"http:\/\/zubix.com.pl\/wordpress\/wp-content\/uploads\/2019\/06\/zubix_header.png","width":480,"height":157,"caption":"PTI ZUBIX"},"image":{"@id":"https:\/\/zubix.com.pl\/wordpress\/#\/schema\/logo\/image\/"}},{"@type":"Person","@id":"https:\/\/zubix.com.pl\/wordpress\/#\/schema\/person\/6864699d1adae8e4813084ca46059361","name":"admin"}]}},"_links":{"self":[{"href":"https:\/\/zubix.com.pl\/wordpress\/wp-json\/wp\/v2\/posts\/127"}],"collection":[{"href":"https:\/\/zubix.com.pl\/wordpress\/wp-json\/wp\/v2\/posts"}],"about":[{"href":"https:\/\/zubix.com.pl\/wordpress\/wp-json\/wp\/v2\/types\/post"}],"author":[{"embeddable":true,"href":"https:\/\/zubix.com.pl\/wordpress\/wp-json\/wp\/v2\/users\/1"}],"replies":[{"embeddable":true,"href":"https:\/\/zubix.com.pl\/wordpress\/wp-json\/wp\/v2\/comments?post=127"}],"version-history":[{"count":3,"href":"https:\/\/zubix.com.pl\/wordpress\/wp-json\/wp\/v2\/posts\/127\/revisions"}],"predecessor-version":[{"id":455,"href":"https:\/\/zubix.com.pl\/wordpress\/wp-json\/wp\/v2\/posts\/127\/revisions\/455"}],"wp:attachment":[{"href":"https:\/\/zubix.com.pl\/wordpress\/wp-json\/wp\/v2\/media?parent=127"}],"wp:term":[{"taxonomy":"category","embeddable":true,"href":"https:\/\/zubix.com.pl\/wordpress\/wp-json\/wp\/v2\/categories?post=127"},{"taxonomy":"post_tag","embeddable":true,"href":"https:\/\/zubix.com.pl\/wordpress\/wp-json\/wp\/v2\/tags?post=127"}],"curies":[{"name":"wp","href":"https:\/\/api.w.org\/{rel}","templated":true}]}}